{"id":2781,"date":"2020-09-20T08:13:01","date_gmt":"2020-09-20T08:13:01","guid":{"rendered":"https:\/\/elc.org.es\/?p=2781"},"modified":"2020-09-28T07:28:16","modified_gmt":"2020-09-28T07:28:16","slug":"new-competitive-grant-awarded-to-a-regional-project-led-by-teresa-fanego","status":"publish","type":"post","link":"https:\/\/elc.org.es\/?p=2781","title":{"rendered":"New competitive grant awarded to a regional project led by Teresa Fanego"},"content":{"rendered":"<p style=\"text-align: justify;\">The VLCG team has obtained a new research grant funded by the Conseller\u00eda de Cultura, Educaci\u00f3n e Universidade of the Regional Government of Galicia:<\/p>\n<p style=\"text-align: justify;\"><span style=\"text-align: justify;\">Timeline: 01\/01\/2020 &#8211; 31\/12\/2022<br \/>\nGrant reference: ED431B 2020\/01<br \/>\n<\/span><span style=\"text-align: justify;\">PI: Teresa Fanego<br \/>\nFunding awarded:\u00a090.000 euros<br \/>\nProgramme:<\/span><span style=\"text-align: justify;\">\u00a0Axudas do Programa de Consolidaci\u00f3n e Estruturaci\u00f3n de Unidades de Investigaci\u00f3n Competitivas \u2013 GPC<\/span><\/p>\n<p style=\"text-align: justify;\">Congratulations to the VLCG group!<\/p>\n<p style=\"text-align: justify;\">Further information <a href=\"http:\/\/www.edu.xunta.gal\/portal\/sites\/web\/files\/resolucion_dog_consolidacion_2020_gal.pdf\" target=\"_blank\">here<\/a>.<\/p>\n<p>&nbsp;<\/p>\n<p>&nbsp;<\/p>\n<p>&nbsp;<\/p>\n","protected":false},"excerpt":{"rendered":"<p>The VLCG team has obtained a new research grant funded by the Conseller\u00eda de Cultura, Educaci\u00f3n e Universidade of the Regional Government of Galicia: Timeline: 01\/01\/2020 &#8211; 31\/12\/2022 Grant reference: ED431B 2020\/01 PI: Teresa Fanego Funding awarded:\u00a090.000 euros Programme:\u00a0Axudas do Programa de Consolidaci\u00f3n e Estruturaci\u00f3n de Unidades de Investigaci\u00f3n Competitivas \u2013 GPC Congratulations to the &hellip; <a href=\"https:\/\/elc.org.es\/?p=2781\">Continue reading <span class=\"meta-nav\">&rarr;<\/span><\/a><\/p>\n","protected":false},"author":5,"featured_media":0,"comment_status":"open","ping_status":"open","sticky":false,"template":"","format":"standard","meta":{"footnotes":""},"categories":[4],"tags":[],"class_list":["post-2781","post","type-post","status-publish","format-standard","hentry","category-news"],"_links":{"self":[{"href":"https:\/\/elc.org.es\/index.php?rest_route=\/wp\/v2\/posts\/2781"}],"collection":[{"href":"https:\/\/elc.org.es\/index.php?rest_route=\/wp\/v2\/posts"}],"about":[{"href":"https:\/\/elc.org.es\/index.php?rest_route=\/wp\/v2\/types\/post"}],"author":[{"embeddable":true,"href":"https:\/\/elc.org.es\/index.php?rest_route=\/wp\/v2\/users\/5"}],"replies":[{"embeddable":true,"href":"https:\/\/elc.org.es\/index.php?rest_route=%2Fwp%2Fv2%2Fcomments&post=2781"}],"version-history":[{"count":8,"href":"https:\/\/elc.org.es\/index.php?rest_route=\/wp\/v2\/posts\/2781\/revisions"}],"predecessor-version":[{"id":2784,"href":"https:\/\/elc.org.es\/index.php?rest_route=\/wp\/v2\/posts\/2781\/revisions\/2784"}],"wp:attachment":[{"href":"https:\/\/elc.org.es\/index.php?rest_route=%2Fwp%2Fv2%2Fmedia&parent=2781"}],"wp:term":[{"taxonomy":"category","embeddable":true,"href":"https:\/\/elc.org.es\/index.php?rest_route=%2Fwp%2Fv2%2Fcategories&post=2781"},{"taxonomy":"post_tag","embeddable":true,"href":"https:\/\/elc.org.es\/index.php?rest_route=%2Fwp%2Fv2%2Ftags&post=2781"}],"curies":[{"name":"wp","href":"https:\/\/api.w.org\/{rel}","templated":true}]}}