{"id":2753,"date":"2020-06-13T15:46:24","date_gmt":"2020-06-13T15:46:24","guid":{"rendered":"https:\/\/elc.org.es\/?p=2753"},"modified":"2020-09-01T08:21:06","modified_gmt":"2020-09-01T08:21:06","slug":"new-competitive-grant-awarded-to-a-state-project-led-by-j-carlos-acuna-farina-and-isabel-fraga","status":"publish","type":"post","link":"https:\/\/elc.org.es\/?p=2753","title":{"rendered":"New competitive grant awarded to a state project led by J. Carlos Acu\u00f1a-Fari\u00f1a and Isabel Fraga"},"content":{"rendered":"<p style=\"text-align: justify;\">The Spanish State Research Agency (AEI) announced on Thursday that the research project titled <em>Representaci\u00f3n y procesamiento del g\u00e9nero gramatical: Efectos fonol\u00f3gicos y l\u00e9xico-sem\u00e1nticos en la congruencia y la concordancia de g\u00e9nero<\/em> (PIs: <a href=\"https:\/\/www.usc.gal\/pcc\/web\/miembro19.html \">J. Carlos Acu\u00f1a-Fari\u00f1a<\/a> and <a href=\"https:\/\/www.usc.gal\/pcc\/web\/miembro6.html\">Isabel Fraga<\/a>) has been awarded a three-year grant (funding: 60.500 euros plus a four-year FPI contract).<\/p>\n<p style=\"text-align: justify;\">Reference: grant PID2019-110583GB-I00; Programa Estatal de Generaci\u00f3n de Conocimiento y Fortalecimiento Cient\u00edfico y Tecnol\u00f3gico del Sistema de I+D+i y de I+D+i Orientada a los Retos de la Sociedad; Plan Estatal de Investigaci\u00f3n Cient\u00edfica y T\u00e9cnica y de Innovaci\u00f3n 2017-2020.<\/p>\n<p>Congratulations to Carlos, Isabel, and to the PCC group as a whole!<\/p>\n<p>Further information <a href=\"https:\/\/www.ciencia.gob.es\/portal\/site\/MICINN\/menuitem.dbc68b34d11ccbd5d52ffeb801432ea0\/?vgnextoid=6ee6cda50b1bb610VgnVCM1000001d04140aRCRD\" target=\"_blank\">here<\/a>.<\/p>\n<p>&nbsp;<\/p>\n","protected":false},"excerpt":{"rendered":"<p>The Spanish State Research Agency (AEI) announced on Thursday that the research project titled Representaci\u00f3n y procesamiento del g\u00e9nero gramatical: Efectos fonol\u00f3gicos y l\u00e9xico-sem\u00e1nticos en la congruencia y la concordancia de g\u00e9nero (PIs: J. Carlos Acu\u00f1a-Fari\u00f1a and Isabel Fraga) has been awarded a three-year grant (funding: 60.500 euros plus a four-year FPI contract). Reference: grant &hellip; <a href=\"https:\/\/elc.org.es\/?p=2753\">Continue reading <span class=\"meta-nav\">&rarr;<\/span><\/a><\/p>\n","protected":false},"author":5,"featured_media":0,"comment_status":"open","ping_status":"open","sticky":false,"template":"","format":"standard","meta":{"footnotes":""},"categories":[4],"tags":[],"class_list":["post-2753","post","type-post","status-publish","format-standard","hentry","category-news"],"_links":{"self":[{"href":"https:\/\/elc.org.es\/index.php?rest_route=\/wp\/v2\/posts\/2753"}],"collection":[{"href":"https:\/\/elc.org.es\/index.php?rest_route=\/wp\/v2\/posts"}],"about":[{"href":"https:\/\/elc.org.es\/index.php?rest_route=\/wp\/v2\/types\/post"}],"author":[{"embeddable":true,"href":"https:\/\/elc.org.es\/index.php?rest_route=\/wp\/v2\/users\/5"}],"replies":[{"embeddable":true,"href":"https:\/\/elc.org.es\/index.php?rest_route=%2Fwp%2Fv2%2Fcomments&post=2753"}],"version-history":[{"count":5,"href":"https:\/\/elc.org.es\/index.php?rest_route=\/wp\/v2\/posts\/2753\/revisions"}],"predecessor-version":[{"id":2755,"href":"https:\/\/elc.org.es\/index.php?rest_route=\/wp\/v2\/posts\/2753\/revisions\/2755"}],"wp:attachment":[{"href":"https:\/\/elc.org.es\/index.php?rest_route=%2Fwp%2Fv2%2Fmedia&parent=2753"}],"wp:term":[{"taxonomy":"category","embeddable":true,"href":"https:\/\/elc.org.es\/index.php?rest_route=%2Fwp%2Fv2%2Fcategories&post=2753"},{"taxonomy":"post_tag","embeddable":true,"href":"https:\/\/elc.org.es\/index.php?rest_route=%2Fwp%2Fv2%2Ftags&post=2753"}],"curies":[{"name":"wp","href":"https:\/\/api.w.org\/{rel}","templated":true}]}}